{"@context":"https:\/\/schema.org\/","@type":"CollectionPage","@id":"https:\/\/www.ivr.cz\/dovolena\/#CollectionPage","headline":"Dovolen\u00e1 Category","description":"","url":"https:\/\/www.ivr.cz\/dovolena\/","hasPart":[{"@type":"Article","@id":"https:\/\/www.ivr.cz\/zajimava-mesta\/","headline":"Zaj\u00edmav\u00e1 m\u011bsta","url":"https:\/\/www.ivr.cz\/zajimava-mesta\/","datePublished":"2024-05-27","dateModified":"2024-05-27","mainEntityOfPage":"https:\/\/www.ivr.cz\/zajimava-mesta\/","author":{"@type":"Person","@id":"https:\/\/www.ivr.cz\/author\/#Person","name":"","url":"https:\/\/www.ivr.cz\/author\/","identifier":1,"image":{"@type":"ImageObject","@id":"https:\/\/secure.gravatar.com\/avatar\/1fd5b20daa9a47a1102459a7c733d369075d8cc724ab489feb8ed72c657d346e?s=96&d=mm&r=g","url":"https:\/\/secure.gravatar.com\/avatar\/1fd5b20daa9a47a1102459a7c733d369075d8cc724ab489feb8ed72c657d346e?s=96&d=mm&r=g","height":96,"width":96}},"publisher":{"@type":"Organization","name":"ivr.cz","logo":{"@type":"ImageObject","@id":"\/logo.png","url":"\/logo.png","width":600,"height":60}},"image":{"@type":"ImageObject","@id":"https:\/\/www.ivr.cz\/wp-content\/uploads\/mikulov-6630982_640.jpg","url":"https:\/\/www.ivr.cz\/wp-content\/uploads\/mikulov-6630982_640.jpg","height":0,"width":0},"keywords":null},{"@type":"Article","@id":"https:\/\/www.ivr.cz\/cas-pripravit-se-na-zimu\/","headline":"\u010cas p\u0159ipravit se na zimu","url":"https:\/\/www.ivr.cz\/cas-pripravit-se-na-zimu\/","datePublished":"2019-10-26","dateModified":"2023-06-02","mainEntityOfPage":"https:\/\/www.ivr.cz\/cas-pripravit-se-na-zimu\/","author":{"@type":"Person","@id":"https:\/\/www.ivr.cz\/author\/#Person","name":"","url":"https:\/\/www.ivr.cz\/author\/","identifier":1,"image":{"@type":"ImageObject","@id":"https:\/\/secure.gravatar.com\/avatar\/1fd5b20daa9a47a1102459a7c733d369075d8cc724ab489feb8ed72c657d346e?s=96&d=mm&r=g","url":"https:\/\/secure.gravatar.com\/avatar\/1fd5b20daa9a47a1102459a7c733d369075d8cc724ab489feb8ed72c657d346e?s=96&d=mm&r=g","height":96,"width":96}},"publisher":{"@type":"Organization","name":"ivr.cz","logo":{"@type":"ImageObject","@id":"\/logo.png","url":"\/logo.png","width":600,"height":60}},"image":{"@type":"ImageObject","@id":"https:\/\/www.ivr.cz\/wp-content\/uploads\/img_a357673_w3365_t1572158822.jpg","url":"https:\/\/www.ivr.cz\/wp-content\/uploads\/img_a357673_w3365_t1572158822.jpg","height":0,"width":0},"keywords":null},{"@type":"Article","@id":"https:\/\/www.ivr.cz\/dovolena-ve-znamem-primorskem-letovisku\/","headline":"Dovolen\u00e1 ve zn\u00e1m\u00e9m p\u0159\u00edmo\u0159sk\u00e9m letovisku","url":"https:\/\/www.ivr.cz\/dovolena-ve-znamem-primorskem-letovisku\/","datePublished":"2017-04-17","dateModified":"2023-06-02","mainEntityOfPage":"https:\/\/www.ivr.cz\/dovolena-ve-znamem-primorskem-letovisku\/","author":{"@type":"Person","@id":"https:\/\/www.ivr.cz\/author\/#Person","name":"","url":"https:\/\/www.ivr.cz\/author\/","identifier":1,"image":{"@type":"ImageObject","@id":"https:\/\/secure.gravatar.com\/avatar\/1fd5b20daa9a47a1102459a7c733d369075d8cc724ab489feb8ed72c657d346e?s=96&d=mm&r=g","url":"https:\/\/secure.gravatar.com\/avatar\/1fd5b20daa9a47a1102459a7c733d369075d8cc724ab489feb8ed72c657d346e?s=96&d=mm&r=g","height":96,"width":96}},"publisher":{"@type":"Organization","name":"ivr.cz","logo":{"@type":"ImageObject","@id":"\/logo.png","url":"\/logo.png","width":600,"height":60}},"image":{"@type":"ImageObject","@id":"https:\/\/www.ivr.cz\/wp-content\/uploads\/img_a286888_w2048_t1497195964.jpg","url":"https:\/\/www.ivr.cz\/wp-content\/uploads\/img_a286888_w2048_t1497195964.jpg","height":0,"width":0},"keywords":null}]}