[{"@context":"https:\/\/schema.org\/","@type":"Article","@id":"https:\/\/www.ivr.cz\/kvalitni-kabelka\/#Article","mainEntityOfPage":"https:\/\/www.ivr.cz\/kvalitni-kabelka\/","headline":"Kvalitn\u00ed kabelka","name":"Kvalitn\u00ed kabelka","description":"Ko\u017een\u00e1 kabelka p\u0159es rameno je velmi praktick\u00e1 a je to taky opravdu moc p\u011bkn\u00fd m\u00f3dn\u00ed dopln\u011bk. J\u00e1 sama m\u00e1m takov\u00fdch kabelek hodn\u011b a moc r\u00e1da je st\u0159\u00edd\u00e1m. Moc m\u011b bav\u00ed ko\u017een\u00e9 kabelky p\u0159es rameno st\u0159\u00eddat, a hlavn\u011b ladit s ostatn\u00edm oble\u010den\u00ed. Moc jsem si obl\u00edbila r\u016f\u017eovou ko\u017eenou kabelku p\u0159es rameno. A v\u00edte pro\u010d? Proto\u017ee jsem [&hellip;]","datePublished":"2022-04-27","dateModified":"2023-06-02","author":{"@type":"Person","@id":"https:\/\/www.ivr.cz\/author\/#Person","name":"","url":"https:\/\/www.ivr.cz\/author\/","identifier":1,"image":{"@type":"ImageObject","@id":"https:\/\/secure.gravatar.com\/avatar\/1fd5b20daa9a47a1102459a7c733d369075d8cc724ab489feb8ed72c657d346e?s=96&d=mm&r=g","url":"https:\/\/secure.gravatar.com\/avatar\/1fd5b20daa9a47a1102459a7c733d369075d8cc724ab489feb8ed72c657d346e?s=96&d=mm&r=g","height":96,"width":96}},"publisher":{"@type":"Organization","name":"ivr.cz","logo":{"@type":"ImageObject","@id":"\/logo.png","url":"\/logo.png","width":600,"height":60}},"image":{"@type":"ImageObject","@id":"https:\/\/www.ivr.cz\/wp-content\/uploads\/women-g8049e577d_640_3.png","url":"https:\/\/www.ivr.cz\/wp-content\/uploads\/women-g8049e577d_640_3.png","height":0,"width":0},"url":"https:\/\/www.ivr.cz\/kvalitni-kabelka\/","about":["V\u00fdrobky"],"wordCount":425,"articleBody":"    Ko\u017een\u00e1 kabelka p\u0159es rameno je velmi praktick\u00e1 a je to taky opravdu moc p\u011bkn\u00fd m\u00f3dn\u00ed dopln\u011bk. J\u00e1 sama m\u00e1m takov\u00fdch kabelek hodn\u011b a moc r\u00e1da je st\u0159\u00edd\u00e1m. Moc m\u011b bav\u00ed ko\u017een\u00e9 kabelky p\u0159es rameno st\u0159\u00eddat, a hlavn\u011b ladit s ostatn\u00edm oble\u010den\u00ed. Moc jsem si obl\u00edbila r\u016f\u017eovou ko\u017eenou kabelku p\u0159es rameno. A v\u00edte pro\u010d? Proto\u017ee jsem ji dostala jako d\u00e1rek. Sice teda mus\u00edm uznat, \u017ee to je docela dost k\u00fd\u010dovit\u00e1 kabelka, ale kdy\u017e v\u00e1m \u0159eknu jej\u00ed p\u016fvod, tak hned budete v obraze a budete to ch\u00e1pat. V\u00edte, r\u016f\u017eovou ko\u017eenou kabelku p\u0159es rameno jsem dostala od sv\u00e9ho otce, kter\u00fd mi ji dovez z Egypta. Otec byl z toho tam moc nad\u0161en\u00fd, \u017ee m\u011b ani ve snu nenapadlo, \u017ee bych m\u011bla tuto kabelku n\u011bjak zhanit. Je to m\u016fj otec a ten by se na\u0161tval. Ko\u017een\u00e1 kabelka p\u0159es rameno je taky velmi praktick\u00e1 v tom, jak tedy \u0159\u00edk\u00e1 m\u016fj otec, \u017ee se do n\u00ed vejde velk\u00fd n\u00e1kup. Myslela jsem, \u017ee omdl\u00edm! Pr\u00fd n\u00e1kup! Nev\u00edm jak vy, d\u00e1my, ale j\u00e1 m\u00e1m kabelky sp\u00ed\u0161e jako m\u00f3dn\u00ed dopln\u011bk, ne\u017e abych n\u011bjakou mou p\u011bknou ko\u017eenou kabelku vyu\u017eila na n\u011bjak\u00fd n\u00e1kup. J\u00e1 si sv\u00e9 ko\u017een\u00e9 kabelky p\u0159es rameno opravdu hodn\u011b h\u00fd\u010dk\u00e1me \u0161et\u0159\u00edm si je. Nekupuji kabelky jen tak z rozmaru, ale jen podle toho, co zrovna pot\u0159ebuji. Tak\u017ee je to velmi \u010dasto.A snad jako ka\u017ed\u00e1 \u017eena, tak i j\u00e1 m\u00e1m ke koupi kabelky v\u017edycky p\u00e1dn\u00fd d\u016fvod. Jednodu\u0161e ji prost\u011b pot\u0159ebuji. A je\u0161t\u011b bych cht\u011bla zm\u00ednit, \u017ee je taky dobr\u00e9 se o svou ko\u017eenou kabelku p\u0159es rameno po\u0159\u00e1dn\u011b starat. Je to p\u0159eci k\u016f\u017ee, ne kus plastu, co vydr\u017e\u00ed v\u011b\u010dn\u011b. Tak\u017ee je skv\u011bl\u00e9, kdy\u017e kabelku pravideln\u011b budete o\u0161et\u0159ovat speci\u00e1ln\u00edm kr\u00e9mem na ko\u017een\u00e9 kabelky. J\u00e1 jsem na to d\u0159\u00edve ka\u0161lala a dost se mi to vymstilo. Moje ko\u017een\u00e9 kabelky mi popraskaly a j\u00e1 tak p\u0159i\u0161la o sv\u00e9 dv\u011b nejobl\u00edben\u011bji kabelky. Od t\u00e9 doby si na sv\u00e9 ko\u017een\u00e9 kabelky d\u00e1v\u00e1m po\u0159\u00e1dn\u011b pozor. A co vy, jak jste na tom? Pod\u00edvejte se na na\u0161e webov\u00e9 str\u00e1nky.                                                                                                                                                                                                                                                                                                                                                                                          4.3\/5 - (3 votes)        "},{"@context":"https:\/\/schema.org\/","@type":"BreadcrumbList","itemListElement":[{"@type":"ListItem","position":1,"name":"Kvalitn\u00ed kabelka","item":"https:\/\/www.ivr.cz\/kvalitni-kabelka\/#breadcrumbitem"}]}]