[{"@context":"https:\/\/schema.org\/","@type":"Article","@id":"https:\/\/www.ivr.cz\/nabytek-musi-byt-nejen-krasny-ale-i-prakticky\/#Article","mainEntityOfPage":"https:\/\/www.ivr.cz\/nabytek-musi-byt-nejen-krasny-ale-i-prakticky\/","headline":"N\u00e1bytek mus\u00ed b\u00fdt nejen kr\u00e1sn\u00fd, ale i praktick\u00fd","name":"N\u00e1bytek mus\u00ed b\u00fdt nejen kr\u00e1sn\u00fd, ale i praktick\u00fd","description":"P\u0159i za\u0159izov\u00e1n\u00ed bydlen\u00ed v\u011bt\u0161ina lid\u00ed mysl\u00ed hlavn\u011b na to, jak to u nich bude vypadat. I kdy\u017e je takov\u00e1 ot\u00e1zka z\u00e1sadn\u00ed, je t\u0159eba se zamyslet i nad t\u00edm, jak to bude ve va\u0161em interi\u00e9ru tak\u00e9 fungovat. A je to o to d\u016fle\u017eit\u011bj\u0161\u00ed, o\u010d je v\u00e1\u0161 byt men\u0161\u00ed. V mal\u00fdch bytech se po\u010d\u00edt\u00e1 ka\u017ed\u00fd centimetr m\u00edsta [&hellip;]","datePublished":"2020-05-08","dateModified":"2023-06-02","author":{"@type":"Person","@id":"https:\/\/www.ivr.cz\/author\/#Person","name":"","url":"https:\/\/www.ivr.cz\/author\/","identifier":1,"image":{"@type":"ImageObject","@id":"https:\/\/secure.gravatar.com\/avatar\/1fd5b20daa9a47a1102459a7c733d369075d8cc724ab489feb8ed72c657d346e?s=96&d=mm&r=g","url":"https:\/\/secure.gravatar.com\/avatar\/1fd5b20daa9a47a1102459a7c733d369075d8cc724ab489feb8ed72c657d346e?s=96&d=mm&r=g","height":96,"width":96}},"publisher":{"@type":"Organization","name":"ivr.cz","logo":{"@type":"ImageObject","@id":"\/logo.png","url":"\/logo.png","width":600,"height":60}},"image":{"@type":"ImageObject","@id":"https:\/\/www.ivr.cz\/wp-content\/uploads\/p%C5%99evl%C3%A9kac%C3%AD%20%C5%A1atna.jpg","url":"https:\/\/www.ivr.cz\/wp-content\/uploads\/p%C5%99evl%C3%A9kac%C3%AD%20%C5%A1atna.jpg","height":0,"width":0},"url":"https:\/\/www.ivr.cz\/nabytek-musi-byt-nejen-krasny-ale-i-prakticky\/","about":["V\u00fdrobky"],"wordCount":452,"articleBody":"   P\u0159i za\u0159izov\u00e1n\u00ed bydlen\u00ed v\u011bt\u0161ina lid\u00ed mysl\u00ed hlavn\u011b na to, jak to u nich bude vypadat. I kdy\u017e je takov\u00e1 ot\u00e1zka z\u00e1sadn\u00ed, je t\u0159eba se zamyslet i nad t\u00edm, jak to bude ve va\u0161em interi\u00e9ru tak\u00e9 fungovat. A je to o to d\u016fle\u017eit\u011bj\u0161\u00ed, o\u010d je v\u00e1\u0161 byt men\u0161\u00ed.V mal\u00fdch bytech se po\u010d\u00edt\u00e1 ka\u017ed\u00fd centimetr m\u00edsta nav\u00edc. V\u011bt\u0161ina lid\u00ed vlastn\u00ed hromady v\u011bc\u00ed a jejich majetek se v tomto smyslu rok od roku zv\u011bt\u0161uje, mnohdy p\u0159\u00edmo z\u00e1vratnou rychlost\u00ed. \u010c\u00edm v\u00edce vyd\u011bl\u00e1v\u00e1me, a \u010d\u00edm jsou v\u011bci v obchodech levn\u011bj\u0161\u00ed, t\u00edm t\u011b\u017e\u0161\u00ed je odolat jejich n\u00e1kupu. A tak se nez\u0159\u00eddka st\u00e1v\u00e1, \u017ee si do ko\u0161\u00edku vkl\u00e1d\u00e1me i to, co ve skute\u010dnosti v\u016fbec nepot\u0159ebujeme. Tak\u00e9 m\u00e1te doma ve sk\u0159\u00edn\u00edch v\u011bci, kter\u00e9 jste v \u017eivot\u011b nevyu\u017eili? Jist\u011b by se n\u011bjak\u00e9 na\u0161ly, a\u0165 u\u017e jde o dekorace, spot\u0159ebi\u010de, anebo oble\u010den\u00ed.Ten nejlep\u0161\u00ed recept na to, jak si zachovat vzdu\u0161nou dom\u00e1cnost, ve kter\u00e9 bude v\u017edy dostatek m\u00edsta, je zbavovat se nepot\u0159ebn\u00fdch a p\u0159ebyte\u010dn\u00fdch v\u011bc\u00ed. Ide\u00e1ln\u011b tak, \u017ee je v\u011bnujete t\u011bm, kte\u0159\u00ed pro n\u011b maj\u00ed vyu\u017eit\u00ed. Jen\u017ee n\u011bco takov\u00e9ho d\u011bl\u00e1 jen m\u00e1lokdo. I v\u011bc\u00ed, kter\u00e9 jsme snadno nabyli, se t\u011b\u017eko vzd\u00e1v\u00e1me.V tom p\u0159\u00edpad\u011b zb\u00fdv\u00e1 u\u017e jen jedin\u00e9 \u0159e\u0161en\u00ed \u2013 po\u0159izovat si dal\u0161\u00ed a dal\u0161\u00ed kusy n\u00e1bytku, do kter\u00fdch se n\u00e1m v\u0161echno vejde. Jen\u017ee pot\u00ed\u017e je v tom, \u017ee tak sv\u016fj byt sice zbav\u00edme nevzhledn\u00fdch hromad v\u011bc\u00ed, kter\u00e9 u\u017e nen\u00ed kam d\u00e1t, ale z\u00e1rove\u0148 ho zahlt\u00edme \u010detn\u00fdm n\u00e1bytkem.Jestli\u017ee se chcete podobn\u00e9 situaci vyhnout a je v\u00e1m naprosto jasn\u00e9, \u017ee v\u00e1\u0161 byt nen\u00ed nafukovac\u00ed, jd\u011bte na celou v\u011bc chyt\u0159e. Po\u0159izujte si jen takov\u00fd n\u00e1bytek, kter\u00fd se skute\u010dn\u011b vyplat\u00ed a m\u00e1 smysl ho m\u00edt doma. T\u0159eba proto, \u017ee dok\u00e1\u017ee efektivn\u011b pracovat s prostorem a ka\u017ed\u00fd centimetr, kter\u00fd mu v\u011bnujete, se ve v\u00fdsledku z\u00faro\u010d\u00ed.P\u0159esn\u011b takov\u00e9 jsou vestav\u011bn\u00e9 sk\u0159\u00edn\u011b, \u010dili n\u00e1bytek vyroben\u00fd na m\u00edru. Ty zaberou v\u017edy jen tolik m\u00edsta, kolik jim ho vyhrad\u00edte, ov\u0161em nalo\u017e\u00ed s n\u00edm maxim\u00e1ln\u011b efektivn\u011b. Na dan\u00e9 plo\u0161e z\u00edsk\u00e1te maximum \u00falo\u017en\u00e9ho prostoru, a k tomu kr\u00e1sn\u00fd kousek n\u00e1bytku, kter\u00fd si zamilujete.                                                                                                                                                                                                                                                                                                                                                                                          4\/5 - (8 votes)        "},{"@context":"https:\/\/schema.org\/","@type":"BreadcrumbList","itemListElement":[{"@type":"ListItem","position":1,"name":"N\u00e1bytek mus\u00ed b\u00fdt nejen kr\u00e1sn\u00fd, ale i praktick\u00fd","item":"https:\/\/www.ivr.cz\/nabytek-musi-byt-nejen-krasny-ale-i-prakticky\/#breadcrumbitem"}]}]