[{"@context":"https:\/\/schema.org\/","@type":"Article","@id":"https:\/\/www.ivr.cz\/nase-vozitko-si-pujcte-nebo-to-vase-pronajmete\/#Article","mainEntityOfPage":"https:\/\/www.ivr.cz\/nase-vozitko-si-pujcte-nebo-to-vase-pronajmete\/","headline":"Na\u0161e voz\u00edtko si p\u016fj\u010dte nebo to Va\u0161e pronajm\u011bte","name":"Na\u0161e voz\u00edtko si p\u016fj\u010dte nebo to Va\u0161e pronajm\u011bte","description":"Pot\u0159ebujete-li si p\u016fj\u010dit osobn\u00ed vozidlo nebo m\u00e1me naopak to sv\u00e9 k pron\u00e1jmu, oslovte n\u00e1s! Na\u0161e autop\u016fj\u010dovna poskytuje ob\u011b tyto slu\u017eby. M\u00e1te-li osobn\u00ed, n\u00e1kladn\u00ed \u010di obytn\u00e9 vozidlo, dod\u00e1vku nebo karavan a v sou\u010dasn\u00e9 dob\u011b je nevyu\u017e\u00edv\u00e1te, poskytn\u011bte ho k n\u00e1m do pron\u00e1jmu. Ka\u017ed\u00e1 vyd\u011blan\u00e1 koruna je dobr\u00e1, proto nenechte V\u00e1\u0161 v\u016fz, kter\u00fd je zp\u016fsobil\u00fd k provozu [&hellip;]","datePublished":"2025-08-21","dateModified":"2025-08-21","author":{"@type":"Person","@id":"https:\/\/www.ivr.cz\/author\/#Person","name":"","url":"https:\/\/www.ivr.cz\/author\/","identifier":1,"image":{"@type":"ImageObject","@id":"https:\/\/secure.gravatar.com\/avatar\/1fd5b20daa9a47a1102459a7c733d369075d8cc724ab489feb8ed72c657d346e?s=96&d=mm&r=g","url":"https:\/\/secure.gravatar.com\/avatar\/1fd5b20daa9a47a1102459a7c733d369075d8cc724ab489feb8ed72c657d346e?s=96&d=mm&r=g","height":96,"width":96}},"publisher":{"@type":"Organization","name":"ivr.cz","logo":{"@type":"ImageObject","@id":"\/logo.png","url":"\/logo.png","width":600,"height":60}},"url":"https:\/\/www.ivr.cz\/nase-vozitko-si-pujcte-nebo-to-vase-pronajmete\/","wordCount":165,"articleBody":"Pot\u0159ebujete-li si p\u016fj\u010dit osobn\u00ed vozidlo nebo m\u00e1me naopak to sv\u00e9 k pron\u00e1jmu, oslovte n\u00e1s! Na\u0161e autop\u016fj\u010dovna poskytuje ob\u011b tyto slu\u017eby. M\u00e1te-li osobn\u00ed, n\u00e1kladn\u00ed \u010di obytn\u00e9 vozidlo, dod\u00e1vku nebo karavan a v sou\u010dasn\u00e9 dob\u011b je nevyu\u017e\u00edv\u00e1te, poskytn\u011bte ho k n\u00e1m do pron\u00e1jmu. Ka\u017ed\u00e1 vyd\u011blan\u00e1 koruna je dobr\u00e1, proto nenechte V\u00e1\u0161 v\u016fz, kter\u00fd je zp\u016fsobil\u00fd k provozu st\u00e1t dlouhodob\u011b ladem, kdy\u017e V\u00e1m m\u016f\u017ee bezvadn\u011b vyd\u011bl\u00e1vat. Pot\u0159ebujete nutn\u011b n\u011bkam jet? Nem\u00e1te k dispozici vlastn\u00ed vozidlo a pot\u0159ebujete b\u00fdt st\u00e1le poj\u00edzdn\u00ed? Nev\u00e1hejte a vyu\u017eijte na\u0161ich skv\u011bl\u00fdch slu\u017eeb! My V\u00e1m poskytneme v\u016fz dle Va\u0161eho p\u0159\u00e1n\u00ed a m\u00edsta bydli\u0161t\u011b. T\u00edm si ho zajist\u00edte rychle a bez zbyte\u010dn\u00fdch p\u0159ejezd\u016f. Dle v\u00fd\u0161e investice si vyb\u00edr\u00e1te po\u017eadovan\u00fd model.                                                                                                                                                                                                                                                                                                                                                                                                "},{"@context":"https:\/\/schema.org\/","@type":"BreadcrumbList","itemListElement":[{"@type":"ListItem","position":1,"name":"Na\u0161e voz\u00edtko si p\u016fj\u010dte nebo to Va\u0161e pronajm\u011bte","item":"https:\/\/www.ivr.cz\/nase-vozitko-si-pujcte-nebo-to-vase-pronajmete\/#breadcrumbitem"}]}]