[{"@context":"https:\/\/schema.org\/","@type":"Blog","@id":"https:\/\/www.ivr.cz#Blog","headline":"Ivr","description":"\nSt\u00e1le se v\u00e1m neda\u0159\u00ed naj\u00edt takov\u00fd web, kter\u00fd by p\u0159esn\u011b odpov\u00eddal va\u0161im konkr\u00e9tn\u00edm p\u0159edstav\u00e1m? Zkuste nahl\u00e9dnout, zda by to nemohl b\u00fdt ten n\u00e1\u0161.","url":"https:\/\/www.ivr.cz","hasPart":[{"@type":"Article","@id":"https:\/\/www.ivr.cz\/cisteni-matraci\/","headline":"\u010ci\u0161t\u011bn\u00ed matrac\u00ed","url":"https:\/\/www.ivr.cz\/cisteni-matraci\/","datePublished":"2025-10-13","dateModified":"2025-10-13","mainEntityOfPage":"https:\/\/www.ivr.cz\/cisteni-matraci\/","author":{"@type":"Person","@id":"https:\/\/www.ivr.cz\/author\/#Person","name":"","url":"https:\/\/www.ivr.cz\/author\/","identifier":1,"image":{"@type":"ImageObject","@id":"https:\/\/secure.gravatar.com\/avatar\/1fd5b20daa9a47a1102459a7c733d369075d8cc724ab489feb8ed72c657d346e?s=96&d=mm&r=g","url":"https:\/\/secure.gravatar.com\/avatar\/1fd5b20daa9a47a1102459a7c733d369075d8cc724ab489feb8ed72c657d346e?s=96&d=mm&r=g","height":96,"width":96}},"publisher":{"@type":"Organization","name":"ivr.cz","logo":{"@type":"ImageObject","@id":"\/logo.png","url":"\/logo.png","width":600,"height":60}},"image":{"@type":"ImageObject","@id":"https:\/\/www.ivr.cz\/wp-content\/uploads\/mattress-2029190_640_4.jpg","url":"https:\/\/www.ivr.cz\/wp-content\/uploads\/mattress-2029190_640_4.jpg","height":0,"width":0},"wordCount":543,"keywords":null},{"@type":"Article","@id":"https:\/\/www.ivr.cz\/co-by-mohlo-prijit-vhod-u-bydleni-v-dome-typu-bungalovu\/","headline":"Co by mohlo p\u0159ij\u00edt vhod u bydlen\u00ed v dom\u011b typu bungalovu","url":"https:\/\/www.ivr.cz\/co-by-mohlo-prijit-vhod-u-bydleni-v-dome-typu-bungalovu\/","datePublished":"2025-10-11","dateModified":"2025-10-11","mainEntityOfPage":"https:\/\/www.ivr.cz\/co-by-mohlo-prijit-vhod-u-bydleni-v-dome-typu-bungalovu\/","author":{"@type":"Person","@id":"https:\/\/www.ivr.cz\/author\/#Person","name":"","url":"https:\/\/www.ivr.cz\/author\/","identifier":1,"image":{"@type":"ImageObject","@id":"https:\/\/secure.gravatar.com\/avatar\/1fd5b20daa9a47a1102459a7c733d369075d8cc724ab489feb8ed72c657d346e?s=96&d=mm&r=g","url":"https:\/\/secure.gravatar.com\/avatar\/1fd5b20daa9a47a1102459a7c733d369075d8cc724ab489feb8ed72c657d346e?s=96&d=mm&r=g","height":96,"width":96}},"publisher":{"@type":"Organization","name":"ivr.cz","logo":{"@type":"ImageObject","@id":"\/logo.png","url":"\/logo.png","width":600,"height":60}},"image":{"@type":"ImageObject","@id":"https:\/\/www.ivr.cz\/wp-content\/uploads\/tulips-757144_640.jpg","url":"https:\/\/www.ivr.cz\/wp-content\/uploads\/tulips-757144_640.jpg","height":0,"width":0},"wordCount":600,"keywords":null},{"@type":"Article","@id":"https:\/\/www.ivr.cz\/moderni-image-a-krasne-designy\/","headline":"Modern\u00ed image a kr\u00e1sn\u00e9 designy","url":"https:\/\/www.ivr.cz\/moderni-image-a-krasne-designy\/","datePublished":"2025-08-26","dateModified":"2025-08-26","mainEntityOfPage":"https:\/\/www.ivr.cz\/moderni-image-a-krasne-designy\/","author":{"@type":"Person","@id":"https:\/\/www.ivr.cz\/author\/#Person","name":"","url":"https:\/\/www.ivr.cz\/author\/","identifier":1,"image":{"@type":"ImageObject","@id":"https:\/\/secure.gravatar.com\/avatar\/1fd5b20daa9a47a1102459a7c733d369075d8cc724ab489feb8ed72c657d346e?s=96&d=mm&r=g","url":"https:\/\/secure.gravatar.com\/avatar\/1fd5b20daa9a47a1102459a7c733d369075d8cc724ab489feb8ed72c657d346e?s=96&d=mm&r=g","height":96,"width":96}},"publisher":{"@type":"Organization","name":"ivr.cz","logo":{"@type":"ImageObject","@id":"\/logo.png","url":"\/logo.png","width":600,"height":60}},"image":null,"wordCount":210,"keywords":null},{"@type":"Article","@id":"https:\/\/www.ivr.cz\/nase-vozitko-si-pujcte-nebo-to-vase-pronajmete\/","headline":"Na\u0161e voz\u00edtko si p\u016fj\u010dte nebo to Va\u0161e pronajm\u011bte","url":"https:\/\/www.ivr.cz\/nase-vozitko-si-pujcte-nebo-to-vase-pronajmete\/","datePublished":"2025-08-21","dateModified":"2025-08-21","mainEntityOfPage":"https:\/\/www.ivr.cz\/nase-vozitko-si-pujcte-nebo-to-vase-pronajmete\/","author":{"@type":"Person","@id":"https:\/\/www.ivr.cz\/author\/#Person","name":"","url":"https:\/\/www.ivr.cz\/author\/","identifier":1,"image":{"@type":"ImageObject","@id":"https:\/\/secure.gravatar.com\/avatar\/1fd5b20daa9a47a1102459a7c733d369075d8cc724ab489feb8ed72c657d346e?s=96&d=mm&r=g","url":"https:\/\/secure.gravatar.com\/avatar\/1fd5b20daa9a47a1102459a7c733d369075d8cc724ab489feb8ed72c657d346e?s=96&d=mm&r=g","height":96,"width":96}},"publisher":{"@type":"Organization","name":"ivr.cz","logo":{"@type":"ImageObject","@id":"\/logo.png","url":"\/logo.png","width":600,"height":60}},"image":null,"wordCount":205,"keywords":null},{"@type":"Article","@id":"https:\/\/www.ivr.cz\/jak-si-zajistit-penize\/","headline":"Jak si zajistit pen\u00edze?","url":"https:\/\/www.ivr.cz\/jak-si-zajistit-penize\/","datePublished":"2025-08-18","dateModified":"2025-08-18","mainEntityOfPage":"https:\/\/www.ivr.cz\/jak-si-zajistit-penize\/","author":{"@type":"Person","@id":"https:\/\/www.ivr.cz\/author\/#Person","name":"","url":"https:\/\/www.ivr.cz\/author\/","identifier":1,"image":{"@type":"ImageObject","@id":"https:\/\/secure.gravatar.com\/avatar\/1fd5b20daa9a47a1102459a7c733d369075d8cc724ab489feb8ed72c657d346e?s=96&d=mm&r=g","url":"https:\/\/secure.gravatar.com\/avatar\/1fd5b20daa9a47a1102459a7c733d369075d8cc724ab489feb8ed72c657d346e?s=96&d=mm&r=g","height":96,"width":96}},"publisher":{"@type":"Organization","name":"ivr.cz","logo":{"@type":"ImageObject","@id":"\/logo.png","url":"\/logo.png","width":600,"height":60}},"image":{"@type":"ImageObject","@id":"https:\/\/www.ivr.cz\/wp-content\/uploads\/pppppppppppppppppppppppppppppppppppppppppppppppppppppppppppppppppp_8.jpg","url":"https:\/\/www.ivr.cz\/wp-content\/uploads\/pppppppppppppppppppppppppppppppppppppppppppppppppppppppppppppppppp_8.jpg","height":0,"width":0},"wordCount":616,"keywords":null},{"@type":"Article","@id":"https:\/\/www.ivr.cz\/rozhodovani\/","headline":"Rozhodov\u00e1n\u00ed","url":"https:\/\/www.ivr.cz\/rozhodovani\/","datePublished":"2025-08-14","dateModified":"2025-08-14","mainEntityOfPage":"https:\/\/www.ivr.cz\/rozhodovani\/","author":{"@type":"Person","@id":"https:\/\/www.ivr.cz\/author\/#Person","name":"","url":"https:\/\/www.ivr.cz\/author\/","identifier":1,"image":{"@type":"ImageObject","@id":"https:\/\/secure.gravatar.com\/avatar\/1fd5b20daa9a47a1102459a7c733d369075d8cc724ab489feb8ed72c657d346e?s=96&d=mm&r=g","url":"https:\/\/secure.gravatar.com\/avatar\/1fd5b20daa9a47a1102459a7c733d369075d8cc724ab489feb8ed72c657d346e?s=96&d=mm&r=g","height":96,"width":96}},"publisher":{"@type":"Organization","name":"ivr.cz","logo":{"@type":"ImageObject","@id":"\/logo.png","url":"\/logo.png","width":600,"height":60}},"image":null,"wordCount":195,"keywords":null},{"@type":"Article","@id":"https:\/\/www.ivr.cz\/luxusni-restaurace\/","headline":"Luxusn\u00ed restaurace","url":"https:\/\/www.ivr.cz\/luxusni-restaurace\/","datePublished":"2025-08-08","dateModified":"2025-08-08","mainEntityOfPage":"https:\/\/www.ivr.cz\/luxusni-restaurace\/","author":{"@type":"Person","@id":"https:\/\/www.ivr.cz\/author\/#Person","name":"","url":"https:\/\/www.ivr.cz\/author\/","identifier":1,"image":{"@type":"ImageObject","@id":"https:\/\/secure.gravatar.com\/avatar\/1fd5b20daa9a47a1102459a7c733d369075d8cc724ab489feb8ed72c657d346e?s=96&d=mm&r=g","url":"https:\/\/secure.gravatar.com\/avatar\/1fd5b20daa9a47a1102459a7c733d369075d8cc724ab489feb8ed72c657d346e?s=96&d=mm&r=g","height":96,"width":96}},"publisher":{"@type":"Organization","name":"ivr.cz","logo":{"@type":"ImageObject","@id":"\/logo.png","url":"\/logo.png","width":600,"height":60}},"image":null,"wordCount":241,"keywords":null},{"@type":"Article","@id":"https:\/\/www.ivr.cz\/klicenka-na-krk-je-skvely-pomocnik\/","headline":"Kl\u00ed\u010denka na krk je skv\u011bl\u00fd pomocn\u00edk","url":"https:\/\/www.ivr.cz\/klicenka-na-krk-je-skvely-pomocnik\/","datePublished":"2025-08-02","dateModified":"2025-08-02","mainEntityOfPage":"https:\/\/www.ivr.cz\/klicenka-na-krk-je-skvely-pomocnik\/","author":{"@type":"Person","@id":"https:\/\/www.ivr.cz\/author\/#Person","name":"","url":"https:\/\/www.ivr.cz\/author\/","identifier":1,"image":{"@type":"ImageObject","@id":"https:\/\/secure.gravatar.com\/avatar\/1fd5b20daa9a47a1102459a7c733d369075d8cc724ab489feb8ed72c657d346e?s=96&d=mm&r=g","url":"https:\/\/secure.gravatar.com\/avatar\/1fd5b20daa9a47a1102459a7c733d369075d8cc724ab489feb8ed72c657d346e?s=96&d=mm&r=g","height":96,"width":96}},"publisher":{"@type":"Organization","name":"ivr.cz","logo":{"@type":"ImageObject","@id":"\/logo.png","url":"\/logo.png","width":600,"height":60}},"image":{"@type":"ImageObject","@id":"https:\/\/www.ivr.cz\/wp-content\/uploads\/key-2148476_640_5.jpg","url":"https:\/\/www.ivr.cz\/wp-content\/uploads\/key-2148476_640_5.jpg","height":0,"width":0},"wordCount":535,"keywords":null},{"@type":"Article","@id":"https:\/\/www.ivr.cz\/bezpecna-uloziste-dat\/","headline":"Bezpe\u010dn\u00e1 \u00falo\u017ei\u0161t\u011b dat!","url":"https:\/\/www.ivr.cz\/bezpecna-uloziste-dat\/","datePublished":"2025-07-30","dateModified":"2025-07-30","mainEntityOfPage":"https:\/\/www.ivr.cz\/bezpecna-uloziste-dat\/","author":{"@type":"Person","@id":"https:\/\/www.ivr.cz\/author\/#Person","name":"","url":"https:\/\/www.ivr.cz\/author\/","identifier":1,"image":{"@type":"ImageObject","@id":"https:\/\/secure.gravatar.com\/avatar\/1fd5b20daa9a47a1102459a7c733d369075d8cc724ab489feb8ed72c657d346e?s=96&d=mm&r=g","url":"https:\/\/secure.gravatar.com\/avatar\/1fd5b20daa9a47a1102459a7c733d369075d8cc724ab489feb8ed72c657d346e?s=96&d=mm&r=g","height":96,"width":96}},"publisher":{"@type":"Organization","name":"ivr.cz","logo":{"@type":"ImageObject","@id":"\/logo.png","url":"\/logo.png","width":600,"height":60}},"image":null,"wordCount":223,"keywords":null},{"@type":"Article","@id":"https:\/\/www.ivr.cz\/personalni-systemy\/","headline":"Person\u00e1ln\u00ed syst\u00e9my","url":"https:\/\/www.ivr.cz\/personalni-systemy\/","datePublished":"2025-07-24","dateModified":"2025-07-24","mainEntityOfPage":"https:\/\/www.ivr.cz\/personalni-systemy\/","author":{"@type":"Person","@id":"https:\/\/www.ivr.cz\/author\/#Person","name":"","url":"https:\/\/www.ivr.cz\/author\/","identifier":1,"image":{"@type":"ImageObject","@id":"https:\/\/secure.gravatar.com\/avatar\/1fd5b20daa9a47a1102459a7c733d369075d8cc724ab489feb8ed72c657d346e?s=96&d=mm&r=g","url":"https:\/\/secure.gravatar.com\/avatar\/1fd5b20daa9a47a1102459a7c733d369075d8cc724ab489feb8ed72c657d346e?s=96&d=mm&r=g","height":96,"width":96}},"publisher":{"@type":"Organization","name":"ivr.cz","logo":{"@type":"ImageObject","@id":"\/logo.png","url":"\/logo.png","width":600,"height":60}},"image":null,"wordCount":259,"keywords":null}]},{"@context":"https:\/\/schema.org","@type":"WebSite","@id":"https:\/\/www.ivr.cz\/#website","name":"Ivr","url":"https:\/\/www.ivr.cz","potentialAction":{"@type":"SearchAction","target":"https:\/\/www.ivr.cz\/?s={search_term_string}","query-input":"required name=search_term_string"}}]