[{"@context":"https:\/\/schema.org\/","@type":"Article","@id":"https:\/\/www.ivr.cz\/s-bublinkovou-folii-na-vodackou-vypravu\/#Article","mainEntityOfPage":"https:\/\/www.ivr.cz\/s-bublinkovou-folii-na-vodackou-vypravu\/","headline":"S bublinkovou f\u00f3li\u00ed na vod\u00e1ckou v\u00fdpravu","name":"S bublinkovou f\u00f3li\u00ed na vod\u00e1ckou v\u00fdpravu","description":"Bublinkov\u00e9 f\u00f3lie se nej\u010dast\u011bji pou\u017e\u00edvaj\u00ed p\u0159i st\u011bhov\u00e1n\u00ed, jako v\u00fdpln\u011b krabic, k balen\u00ed v\u011bc\u00ed, zkr\u00e1tka se s nimi po\u010d\u00edt\u00e1 jako s dokonalou ochranou p\u0159edm\u011bt\u016f p\u0159ed po\u0161kozen\u00edm. Tento materi\u00e1l, mimochodem dob\u0159e dostupn\u00fd a velmi levn\u00fd, se v\u00e1m m\u016f\u017ee hodit i na vod\u00e1ck\u00e9 v\u00fdprav\u011b po S\u00e1zav\u011b, po Lu\u017enici nebo na Otav\u011b. K \u010demu se v\u00e1m hod\u00ed bublinkov\u00e1 f\u00f3lie [&hellip;]","datePublished":"2021-02-17","dateModified":"2023-06-02","author":{"@type":"Person","@id":"https:\/\/www.ivr.cz\/author\/#Person","name":"","url":"https:\/\/www.ivr.cz\/author\/","identifier":1,"image":{"@type":"ImageObject","@id":"https:\/\/secure.gravatar.com\/avatar\/1fd5b20daa9a47a1102459a7c733d369075d8cc724ab489feb8ed72c657d346e?s=96&d=mm&r=g","url":"https:\/\/secure.gravatar.com\/avatar\/1fd5b20daa9a47a1102459a7c733d369075d8cc724ab489feb8ed72c657d346e?s=96&d=mm&r=g","height":96,"width":96}},"publisher":{"@type":"Organization","name":"ivr.cz","logo":{"@type":"ImageObject","@id":"\/logo.png","url":"\/logo.png","width":600,"height":60}},"image":{"@type":"ImageObject","@id":"https:\/\/www.ivr.cz\/wp-content\/uploads\/%C5%BEena%20s%20f%C3%B3li%C3%AD.jpg","url":"https:\/\/www.ivr.cz\/wp-content\/uploads\/%C5%BEena%20s%20f%C3%B3li%C3%AD.jpg","height":0,"width":0},"url":"https:\/\/www.ivr.cz\/s-bublinkovou-folii-na-vodackou-vypravu\/","wordCount":434,"articleBody":"      Bublinkov\u00e9 f\u00f3lie se nej\u010dast\u011bji pou\u017e\u00edvaj\u00ed p\u0159i st\u011bhov\u00e1n\u00ed, jako v\u00fdpln\u011b krabic, k balen\u00ed v\u011bc\u00ed, zkr\u00e1tka se s nimi po\u010d\u00edt\u00e1 jako s dokonalou ochranou p\u0159edm\u011bt\u016f p\u0159ed po\u0161kozen\u00edm. Tento materi\u00e1l, mimochodem dob\u0159e dostupn\u00fd a velmi levn\u00fd, se v\u00e1m m\u016f\u017ee hodit i na vod\u00e1ck\u00e9 v\u00fdprav\u011b po S\u00e1zav\u011b, po Lu\u017enici nebo na Otav\u011b.K \u010demu se v\u00e1m hod\u00ed bublinkov\u00e1 f\u00f3lie na vod\u011bBalen\u00ed k\u0159ehk\u00fdch potravin \u2013 vod\u00e1ci se mus\u00ed spol\u00e9hat na n\u00e1kupn\u00ed mo\u017enosti v m\u00edst\u011b pobytu, anebo br\u00e1t s sebou potraviny z domova. Mnoh\u00e9 z nich mohou cestou utrp\u011bt, nap\u0159. oplatky \u010di su\u0161enky, vejce, \u0161pagety, zelenina (raj\u010data, okurky) a dal\u0161\u00ed k\u0159ehk\u00e9 potraviny a suroviny, kter\u00e9 se mohou pol\u00e1mat, drolit, poma\u010dkat nebo rozm\u00e1\u010det. A\u017e je budete balit doma nebo v kempu, zabalte je do bublinkov\u00e9 f\u00f3lie a vlo\u017ete do uzav\u00edrateln\u00e9ho s\u00e1\u010dku, t\u00edm je spolehliv\u011b uchr\u00e1n\u00edte, pouze nezapom\u00ednejte na dobu trvanlivosti a vliv okoln\u00edho prost\u0159ed\u00ed, kdy nem\u00e1te zrovna po ruce chladni\u010dku.Prostor p\u0159ed stanem \u2013 sou\u010d\u00e1st\u00ed vod\u00e1ck\u00fdch v\u00fdprav je tak\u00e9 posezen\u00ed u ohn\u011b, p\u0159\u00edpadn\u011b p\u0159ed stanem, kdy ji\u017e slunce za\u0161lo za obzor. Tehdy je vhodn\u00e9 pochutnat si t\u0159eba na dobr\u00e9m gul\u00e1\u0161i. Sezen\u00ed u ohn\u011b nebo v bl\u00edzkosti stanu si m\u016f\u017eete vylep\u0161it f\u00f3li\u00ed s bublinkami, kterou p\u0159elo\u017e\u00edte na v\u00edce vrstev a vytvo\u0159\u00edte z n\u00ed pomysln\u00fd pol\u0161t\u00e1\u0159. Byla by \u0161koda br\u00e1t k ohni karimatku nebo n\u011bco jin\u00e9ho cenn\u00e9ho, co m\u016f\u017ee utrp\u011bt odletuj\u00edc\u00edmi jiskrami z ohn\u011b.Podlo\u017eka pod karimatkou \u2013 karimatky nejsou zdravotn\u00ed matrace, jsou velmi tenk\u00e9 a tak je span\u00ed ve spac\u00e1ku takov\u00fdm provizoriem. M\u016f\u017eete jej v\u0161ak v\u00fdrazn\u011b pos\u00edlit bublinkovou f\u00f3li\u00ed ve t\u0159ech a\u017e \u010dty\u0159ech vrstv\u00e1ch, vyzkou\u0161ejte to a uvid\u00edte, \u017ee n\u00e1m d\u00e1te za pravdu. A dob\u0159e se vyspat p\u0159i noclehu pod stanem, kdy na v\u00e1s dal\u0161\u00ed den \u010dek\u00e1 p\u011btadvacet kilometr\u016f usilovn\u00e9ho p\u00e1dlov\u00e1n\u00ed, je docela z\u00e1sadn\u00ed.P\u0159ev\u00e1\u017een\u00ed lod\u00ed \u2013 v\u011bt\u0161inou se lod\u011b p\u0159ev\u00e1\u017e\u00ed na n\u00e1stavb\u00e1ch p\u0159\u00edv\u011bsn\u00fdch voz\u00edk\u016f, p\u0159\u00edpadn\u011b na korb\u011b n\u00e1kladn\u00edho vozu. Tehdy se hod\u00ed pro zabezpe\u010den\u00ed trupu lod\u00ed molitanov\u00e9 kostky, a tam kde se kostka nevejde, zastane stejnou funkci i f\u00f3lie s bublinkami.                                                                                                                                                                                                                                                                                                                                                                                           4.3\/5 - (3 votes)        "},{"@context":"https:\/\/schema.org\/","@type":"BreadcrumbList","itemListElement":[{"@type":"ListItem","position":1,"name":"S bublinkovou f\u00f3li\u00ed na vod\u00e1ckou v\u00fdpravu","item":"https:\/\/www.ivr.cz\/s-bublinkovou-folii-na-vodackou-vypravu\/#breadcrumbitem"}]}]