[{"@context":"https:\/\/schema.org\/","@type":"Article","@id":"https:\/\/www.ivr.cz\/technika-je-u-kazdeho-doma\/#Article","mainEntityOfPage":"https:\/\/www.ivr.cz\/technika-je-u-kazdeho-doma\/","headline":"Technika je u ka\u017ed\u00e9ho doma","name":"Technika je u ka\u017ed\u00e9ho doma","description":"Kdy\u017e se \u0159ekne technika, tak co vy si pod t\u00edm p\u0159edstav\u00edte? Mnoho lid\u00ed si pr\u00fd p\u0159edstav\u00ed jenom mobiln\u00ed telefon anebo dokonce tak\u00e9 po\u010d\u00edta\u010d. Ano, j\u00e1 tohle moc dob\u0159e\u00a0ch\u00e1pu, proto\u017ee tohle je takov\u00e1 ta nejv\u00edce obl\u00edben\u00e1 technika. Mysl\u00edm si, \u017ee kdyby nebylo po\u010d\u00edta\u010d\u016f a mobiln\u00edch telefon\u016f, \u017ee by byl sv\u011bt takov\u00fd chud\u00fd a mnoho lid\u00ed by [&hellip;]","datePublished":"2023-10-17","dateModified":"2024-05-17","author":{"@type":"Person","@id":"https:\/\/www.ivr.cz\/author\/#Person","name":"","url":"https:\/\/www.ivr.cz\/author\/","identifier":1,"image":{"@type":"ImageObject","@id":"https:\/\/secure.gravatar.com\/avatar\/1fd5b20daa9a47a1102459a7c733d369075d8cc724ab489feb8ed72c657d346e?s=96&d=mm&r=g","url":"https:\/\/secure.gravatar.com\/avatar\/1fd5b20daa9a47a1102459a7c733d369075d8cc724ab489feb8ed72c657d346e?s=96&d=mm&r=g","height":96,"width":96}},"publisher":{"@type":"Organization","name":"ivr.cz","logo":{"@type":"ImageObject","@id":"\/logo.png","url":"\/logo.png","width":600,"height":60}},"image":{"@type":"ImageObject","@id":"https:\/\/www.ivr.cz\/wp-content\/uploads\/light-1834289_1280_4.jpg","url":"https:\/\/www.ivr.cz\/wp-content\/uploads\/light-1834289_1280_4.jpg","height":0,"width":0},"url":"https:\/\/www.ivr.cz\/technika-je-u-kazdeho-doma\/","about":["Technika"],"wordCount":431,"articleBody":"Kdy\u017e se \u0159ekne technika, tak co vy si pod t\u00edm p\u0159edstav\u00edte? Mnoho lid\u00ed si pr\u00fd p\u0159edstav\u00ed jenom mobiln\u00ed telefon anebo dokonce tak\u00e9 po\u010d\u00edta\u010d. Ano, j\u00e1 tohle moc dob\u0159e\u00a0ch\u00e1pu, proto\u017ee tohle je takov\u00e1 ta nejv\u00edce obl\u00edben\u00e1 technika. Mysl\u00edm si, \u017ee kdyby nebylo po\u010d\u00edta\u010d\u016f a mobiln\u00edch telefon\u016f, \u017ee by byl sv\u011bt takov\u00fd chud\u00fd a mnoho lid\u00ed by ani nev\u011bd\u011blo, co m\u00e1\u00a0d\u011blat. Sly\u0161ela jsem, \u017ee n\u011bkter\u00e9 d\u011bti dokonce ani nev\u00ed, jak si pr\u00fd hr\u00e1li jejich rodi\u010de. Ptali se sv\u00fdch rodi\u010d\u016f, jak\u00fd m\u011bli mobiln\u00ed telefon, kdy\u017e byli mal\u00e9 d\u011bti. Mus\u00edm se v\u017edycky sm\u00e1t!\u00a0Poka\u017ed\u00e9, kdy\u017e tohle sly\u0161\u00edm, tak se mi chce \u00fapln\u011b bre\u010det sm\u00edchy, kolikr\u00e1t ani nev\u00edm, co bych m\u011bla odpov\u011bd\u011bt sv\u00fdm d\u011btem. M\u016fj syn u\u017e se m\u011b\u00a0tak\u00e9 kolikr\u00e1t ptal, jak\u00fd jsem m\u011bla mobiln\u00ed telefon, jak\u00fd\u00a0jsem m\u011bla\u00a0po\u010d\u00edta\u010d a tak podobn\u011b. Kdy\u017e jsem byla je\u0161t\u011b mal\u00e9 d\u00edt\u011b, nem\u011bla jsem nic. To syn koukal! Ani nev\u00edte, jak moc m\u011b tohle rozesm\u00e1lo. Na\u0161e d\u011bti opravdu nev\u00ed, jak my jako dosp\u011bl\u00ed jsme se d\u0159\u00edve bavili. My jsme nem\u011bli \u017e\u00e1dnou\u00a0techniku ani elektrotechniku. Nem\u011bli jsme ani po\u010d\u00edta\u010d, ani mobiln\u00ed telefon. Tak co je na tom \u0161patn\u00e9ho? T\u0159eba se m\u011b syn zeptal, jestli t\u0159eba u\u017e byli dinosau\u0159i, kdy\u017e jsem byla mlad\u00e1. \u0158ekla jsem mu, \u017ee rozhodn\u011b ne, \u017ee zase nejsem tak star\u00e1, aby byli dinosau\u0159i. Nebo abych m\u011bla dinosaura jako dom\u00e1c\u00edho mazl\u00ed\u010dka.Co se ale t\u00fdk\u00e1 techniky, tak v\u00e1m \u0159eknu, \u017ee j\u00e1 osobn\u011b bych\u00a0tak\u00e9 je\u0161t\u011b \u00fapln\u011b bez techniky b\u00fdt\u00a0nemohla. M\u00e1m r\u00e1da takov\u00e9 kr\u00e1sn\u00e9 parn\u00ed\u00a0\u017eehli\u010dky nebo smart chytr\u00e9 hodinky,\u00a0kr\u00e1sn\u00fd spor\u00e1k a takhle podobn\u011b. J\u00e1 v\u00edm, \u017ee zase hodn\u011b star\u00fdch lid\u00ed \u0159\u00edk\u00e1, \u017ee my jako\u00a0t\u0159icetilet\u00ed\u00a0lid\u00e9 to m\u00e1me tak\u00e9 v \u017eivot\u011b jednodu\u0161\u0161\u00ed, \u017ee pr\u00fd m\u00e1me v\u0161echno technick\u00e9 a elektronick\u00e9. Tohle je samoz\u0159ejm\u011b pravda, ale zase mus\u00ed ka\u017ed\u00fd\u00a0\u010dlov\u011bk po\u010d\u00edtat s t\u00edm, \u017ee technika a elektro\u00a0jde\u00a0dop\u0159edu. V\u0161echno se zlep\u0161uje a inovuje, tak\u017ee je naprosto logick\u00e9, \u017ee ka\u017ed\u00fdm t\u0159eba rokem anebo ka\u017ed\u00fdm desetilet\u00edm bude n\u011bco nov\u00e9ho a technika bude v\u00edce a v\u00edce vysp\u011blej\u0161\u00ed. V\u017edy\u0165 za chvilku u\u017e budou roboti.\u00a0                                                                                                                                                                                                                                                                                                                                                                                        4.5\/5 - (14 votes)        "},{"@context":"https:\/\/schema.org\/","@type":"BreadcrumbList","itemListElement":[{"@type":"ListItem","position":1,"name":"Technika je u ka\u017ed\u00e9ho doma","item":"https:\/\/www.ivr.cz\/technika-je-u-kazdeho-doma\/#breadcrumbitem"}]}]