[{"@context":"https:\/\/schema.org\/","@type":"Article","@id":"https:\/\/www.ivr.cz\/vase-nejoblibenejsi-vanocni-dekorace\/#Article","mainEntityOfPage":"https:\/\/www.ivr.cz\/vase-nejoblibenejsi-vanocni-dekorace\/","headline":"Va\u0161e nejobl\u00edben\u011bj\u0161\u00ed v\u00e1no\u010dn\u00ed dekorace","name":"Va\u0161e nejobl\u00edben\u011bj\u0161\u00ed v\u00e1no\u010dn\u00ed dekorace","description":"Tak\u00e9 milujete V\u00e1noce a v\u0161e, co s nimi souvis\u00ed? Slav\u00edte je jako ud\u00e1lost velmi v\u00fdjime\u010dnou a t\u011b\u0161\u00edte se na n\u011b u\u017e dlouhou dobu? K v\u00e1no\u010dn\u00edm sv\u00e1tk\u016fm tak\u00e9 neodmysliteln\u011b pat\u0159\u00ed v\u00e1no\u010dn\u00ed dekorace na st\u016fl. Jak\u00e9 dekorace byste si mohli po\u0159\u00eddit na sv\u00e1te\u010dn\u011b prost\u0159en\u00fd st\u016fl v kuchyni nebo na konferen\u010dn\u00ed stolek v ob\u00fdv\u00e1ku? Adventn\u00ed v\u011bnce \u2013 typickou [&hellip;]","datePublished":"2024-12-30","dateModified":"2024-12-30","author":{"@type":"Person","@id":"https:\/\/www.ivr.cz\/author\/#Person","name":"","url":"https:\/\/www.ivr.cz\/author\/","identifier":1,"image":{"@type":"ImageObject","@id":"https:\/\/secure.gravatar.com\/avatar\/1fd5b20daa9a47a1102459a7c733d369075d8cc724ab489feb8ed72c657d346e?s=96&d=mm&r=g","url":"https:\/\/secure.gravatar.com\/avatar\/1fd5b20daa9a47a1102459a7c733d369075d8cc724ab489feb8ed72c657d346e?s=96&d=mm&r=g","height":96,"width":96}},"publisher":{"@type":"Organization","name":"ivr.cz","logo":{"@type":"ImageObject","@id":"\/logo.png","url":"\/logo.png","width":600,"height":60}},"image":{"@type":"ImageObject","@id":"https:\/\/www.ivr.cz\/wp-content\/uploads\/christmas-2946698_640.jpg","url":"https:\/\/www.ivr.cz\/wp-content\/uploads\/christmas-2946698_640.jpg","height":0,"width":0},"url":"https:\/\/www.ivr.cz\/vase-nejoblibenejsi-vanocni-dekorace\/","about":["V\u00fdrobky"],"wordCount":447,"articleBody":"       Tak\u00e9 milujete V\u00e1noce a v\u0161e, co s nimi souvis\u00ed? Slav\u00edte je jako ud\u00e1lost velmi v\u00fdjime\u010dnou a t\u011b\u0161\u00edte se na n\u011b u\u017e dlouhou dobu? K v\u00e1no\u010dn\u00edm sv\u00e1tk\u016fm tak\u00e9 neodmysliteln\u011b pat\u0159\u00ed v\u00e1no\u010dn\u00ed dekorace na st\u016fl. Jak\u00e9 dekorace byste si mohli po\u0159\u00eddit na sv\u00e1te\u010dn\u011b prost\u0159en\u00fd st\u016fl v kuchyni nebo na konferen\u010dn\u00ed stolek v ob\u00fdv\u00e1ku? Adventn\u00ed v\u011bnce \u2013 typickou v\u00e1no\u010dn\u00ed v\u00fdzdobou, respektive v\u00e1no\u010dn\u00ed dekorac\u00ed na st\u016fl jsou adventn\u00ed v\u011bnce. V\u011bnec je mo\u017en\u00e9 polo\u017eit na st\u016fl, na komodu, na no\u010dn\u00ed stolek a tak\u00e9 jej lze zav\u011bsit na dve\u0159e. V\u017edy z\u00e1le\u017e\u00ed na velikosti a koncepci v\u011bnce. Tyto v\u00fdrobky lze zakoupit jako hotov\u00e9, anebo si je m\u016f\u017eete vyrobit sami z r\u016fzn\u00fdch polotovar\u016f, nap\u0159\u00edklad z polystyrenov\u00e9 obru\u010de, kterou oblo\u017e\u00edte v\u011btvi\u010dkami, mechem \u010di list\u00edm a dozdob\u00edte r\u016fzn\u00fdmi v\u00e1no\u010dn\u00edmi motivy hv\u011bzdi\u010dek, sn\u011bhov\u00fdch vlo\u010dek, sn\u011bhul\u00e1k\u016f, \u0161i\u0161ek, srd\u00ed\u010dek, b\u0159ezov\u00e9 k\u016fry atd.   Sv\u00edcny \u2013 jestli\u017ee m\u00e1te r\u00e1di v\u00edce prostoru na stole a v\u00fdzdobu poj\u00edm\u00e1te v\u00edce skromn\u011b, pak by v\u00e1m mohl posta\u010dit pouh\u00fd sv\u00edcen. Sv\u00edcny se vyr\u00e1b\u00ed z v\u011btvi\u010dek jehli\u010dnat\u00fdch strom\u016f, z jmel\u00ed, anebo jde o v\u00fdrobky z keramiky \u010di soustru\u017een\u00e9 d\u0159ev\u011bn\u00e9 sv\u00edcny. Sv\u00edcny mohou b\u00fdt pouze pro jednu sv\u00ed\u010dku, anebo pro v\u00edce sv\u00ed\u010dek vedle sebe. Sv\u00edcny tak\u00e9 r\u00e1dy vyr\u00e1b\u00ed d\u011bti, nap\u0159\u00edklad z moduritu, a n\u011bkdy jde o provizorn\u00ed sv\u00edcen z rozkrojen\u00e9ho pomeran\u010de vyzdoben\u00e9ho h\u0159eb\u00ed\u010dkem, na noh\u00e1ch ze \u0161pejl\u00ed \u010di v\u011btvi\u010dek.  Um\u011bl\u00e9 stromky \u2013 na sv\u00e1te\u010dn\u00edm stole dob\u0159e vypadaj\u00ed i um\u011bl\u00e9 kv\u011btiny nebo mal\u00e9 v\u00e1no\u010dn\u00ed stromky vyzdoben\u00e9 drobn\u00fdmi ozdobami. M\u016f\u017eete se tak\u00e9 inspirovat v obchod\u011b florservice.cz, kde naleznete n\u011bkter\u00e9 zaj\u00edmav\u00e9 keramick\u00e9, kovov\u00e9 \u010di jin\u00e9 v\u00fdrobky pro dekorativn\u00ed \u00fa\u010dely.  Na z\u00e1v\u011br v\u00e1m ji\u017e m\u016f\u017eeme pop\u0159\u00e1t kr\u00e1sn\u00e9 sv\u00e1tky a dobr\u00fd vstup do Nov\u00e9ho roku a aby sv\u00e1te\u010dn\u00ed chv\u00edle byly opravdu sv\u00e1te\u010dn\u00ed, pohodov\u00e9, klidn\u00e9 a bez stresu. Stres odlo\u017ete je\u0161t\u011b p\u0159ed Adventem, a nesna\u017ete se za ka\u017edou cenu v\u0161echno stihnout a nakoupit hory d\u00e1rk\u016f, V\u00e1noce nejsou o nakupov\u00e1n\u00ed a sh\u00e1n\u011bn\u00ed, ale o radosti ze \u017eivota.                                                                                                                                                                                                                                                                                                                                                                                          3.9\/5 - (9 votes)        "},{"@context":"https:\/\/schema.org\/","@type":"BreadcrumbList","itemListElement":[{"@type":"ListItem","position":1,"name":"Va\u0161e nejobl\u00edben\u011bj\u0161\u00ed v\u00e1no\u010dn\u00ed dekorace","item":"https:\/\/www.ivr.cz\/vase-nejoblibenejsi-vanocni-dekorace\/#breadcrumbitem"}]}]